{"id":364,"date":"2015-04-17T12:15:13","date_gmt":"2015-04-17T11:15:13","guid":{"rendered":"http:\/\/picotee.de\/blog\/?p=364"},"modified":"2021-08-20T16:56:41","modified_gmt":"2021-08-20T14:56:41","slug":"marktzeit-in-der-fabrik","status":"publish","type":"post","link":"http:\/\/picotee.de\/blog\/marktzeit-in-der-fabrik\/","title":{"rendered":"Marktzeit in der Fabrik"},"content":{"rendered":"<p><img loading=\"lazy\" class=\"alignnone wp-image-368\" src=\"https:\/\/i1.wp.com\/picotee.de\/blog\/kh-tentcon\/uploads\/2015\/04\/P1080031-e1429264641718.jpg?resize=740%2C495\" alt=\"Marktzeit-Fabrik\" width=\"740\" height=\"495\" data-recalc-dims=\"1\" \/><br \/>\n<img loading=\"lazy\" class=\"alignnone wp-image-366\" src=\"https:\/\/i0.wp.com\/picotee.de\/blog\/kh-tentcon\/uploads\/2015\/04\/P1080026-e1429264039591.jpg?resize=740%2C494\" alt=\"Marktzeit in der Fabrik\" width=\"740\" height=\"494\" data-recalc-dims=\"1\" \/><br \/>\nEs ist Freitag und das Wochenende r\u00fcckt immer n\u00e4her. Deshalb gibt es hier noch einen Tipp f\u00fcr euch! Der eine oder andere war vielleicht schon einmal dort!<br \/>\nVon September bis Mai findet jeden Samstag von 9:30 &#8211; 15:00 die <span style=\"color: #66cccc;\"><a style=\"color: #66cccc;\" href=\"http:\/\/marktinderfabrik.de\/index.html\" target=\"_blank\" rel=\"nofollow noopener\">Marktzeit<\/a><\/span> in der Fabrik in Altona statt. Das ist ein kleiner Markt mit vielen leckeren und sch\u00f6nen Dingen.<\/p>\n<p>Ihr bekommt dort Obst und Gem\u00fcse, K\u00e4se, Wurst, Schokolade, Smoothies, Marmelade &#8230; und alles von kleinen Manufakturen. Ich w\u00fcrde vorschlagen mit viel Hunger hinzugehen. Das mach ich jedenfalls so, weil ich mich sonst dar\u00fcber \u00e4rgere irgendetwas nicht probieren zu k\u00f6nnen.<br \/>\nF\u00fcr den Brunch gibt es dort Fr\u00fchst\u00fccksk\u00f6rbe f\u00fcr 2 Personen zu kaufen oder man stellt sich sein Fr\u00fchst\u00fcck selber zusammen zum Beispiel mit franz\u00f6sischen Geb\u00e4ck-Klassikern von <span style=\"color: #66cccc;\"><a style=\"color: #66cccc;\" href=\"http:\/\/www.die-patisserie.de\/\" target=\"_blank\" rel=\"noopener\">Die Patisserie<\/a><\/span>.<br \/>\nAber auch mittags wird man dort satt.<br \/>\nF\u00fcr mich ist die Marktzeit auch gut geeignet um Geschenke zum Essen oder Kochen zu kaufen. Wie zum Beispiel einen Ingwer-Essig von <span style=\"color: #66cccc;\"><a style=\"color: #66cccc;\" href=\"http:\/\/frauingwer.de\/\" target=\"_blank\" rel=\"noopener\">Frau Ingwer<\/a><\/span>.<br \/>\nDie St\u00e4nde wechseln ab und an und neben Essen gibt es auch Taschen, Seifen, und andere sch\u00f6ne Sachen.<\/p>\n<p>Bevor sich die Marktzeit in die Sommerpause verabschiedet habt ihr noch am 18.4. und 25.4 die Chance hinzugehen.<\/p>\n<p>Viel Spa\u00df!<\/p>\n<p>&nbsp;<\/p>\n","protected":false},"excerpt":{"rendered":"<p>Es ist Freitag und das Wochenende r\u00fcckt immer n\u00e4her. Deshalb gibt es hier noch einen Tipp f\u00fcr euch! Der eine oder andere war vielleicht schon einmal dort!<br \/>\nVon September bis Mai findet jeden Samstag von 9:30 &#8211; 15:00 die Marktzeit in der Fabrik in Altona statt. Das ist ein kleiner Markt mit vielen leckeren und sch\u00f6nen Dingen.<\/p>\n","protected":false},"author":2,"featured_media":1038,"comment_status":"closed","ping_status":"open","sticky":false,"template":"","format":"standard","meta":{"spay_email":""},"categories":[5],"tags":[56,60,57,34,59,58],"yoast_head":"<!-- This site is optimized with the Yoast SEO plugin v16.9 - https:\/\/yoast.com\/wordpress\/plugins\/seo\/ -->\n<meta name=\"robots\" content=\"index, follow, max-snippet:-1, max-image-preview:large, max-video-preview:-1\" \/>\n<link rel=\"canonical\" href=\"http:\/\/picotee.de\/blog\/marktzeit-in-der-fabrik\/\" \/>\n<meta property=\"og:locale\" content=\"de_DE\" \/>\n<meta property=\"og:type\" content=\"article\" \/>\n<meta property=\"og:title\" content=\"Marktzeit in der Fabrik - picotee\" \/>\n<meta property=\"og:description\" content=\"Es ist Freitag und das Wochenende r\u00fcckt immer n\u00e4her. Deshalb gibt es hier noch einen Tipp f\u00fcr euch! Der eine oder andere war vielleicht schon einmal dort! Von September bis Mai findet jeden Samstag von 9:30 - 15:00 die Marktzeit in der Fabrik in Altona statt. Das ist ein kleiner Markt mit vielen leckeren und sch\u00f6nen Dingen.\" \/>\n<meta property=\"og:url\" content=\"http:\/\/picotee.de\/blog\/marktzeit-in-der-fabrik\/\" \/>\n<meta property=\"og:site_name\" content=\"picotee\" \/>\n<meta property=\"article:publisher\" content=\"https:\/\/www.facebook.com\/picoteeblog\" \/>\n<meta property=\"article:published_time\" content=\"2015-04-17T11:15:13+00:00\" \/>\n<meta property=\"article:modified_time\" content=\"2021-08-20T14:56:41+00:00\" \/>\n<meta property=\"og:image\" content=\"http:\/\/picotee.de\/blog\/kh-tentcon\/uploads\/2015\/08\/picotee-Marktzeit-Fabrik-fi.jpg\" \/>\n\t<meta property=\"og:image:width\" content=\"1080\" \/>\n\t<meta property=\"og:image:height\" content=\"721\" \/>\n<meta name=\"twitter:card\" content=\"summary\" \/>\n<meta name=\"twitter:label1\" content=\"Verfasst von\" \/>\n\t<meta name=\"twitter:data1\" content=\"picotee\" \/>\n\t<meta name=\"twitter:label2\" content=\"Gesch\u00e4tzte Lesezeit\" \/>\n\t<meta name=\"twitter:data2\" content=\"1\u00a0Minute\" \/>\n<script type=\"application\/ld+json\" class=\"yoast-schema-graph\">{\"@context\":\"https:\/\/schema.org\",\"@graph\":[{\"@type\":\"WebSite\",\"@id\":\"http:\/\/picotee.de\/blog\/#website\",\"url\":\"http:\/\/picotee.de\/blog\/\",\"name\":\"picotee\",\"description\":\"\",\"potentialAction\":[{\"@type\":\"SearchAction\",\"target\":{\"@type\":\"EntryPoint\",\"urlTemplate\":\"http:\/\/picotee.de\/blog\/?s={search_term_string}\"},\"query-input\":\"required name=search_term_string\"}],\"inLanguage\":\"de\"},{\"@type\":\"ImageObject\",\"@id\":\"http:\/\/picotee.de\/blog\/marktzeit-in-der-fabrik\/#primaryimage\",\"inLanguage\":\"de\",\"url\":\"https:\/\/i2.wp.com\/picotee.de\/blog\/kh-tentcon\/uploads\/2015\/08\/picotee-Marktzeit-Fabrik-fi.jpg?fit=1080%2C721\",\"contentUrl\":\"https:\/\/i2.wp.com\/picotee.de\/blog\/kh-tentcon\/uploads\/2015\/08\/picotee-Marktzeit-Fabrik-fi.jpg?fit=1080%2C721\",\"width\":1080,\"height\":721,\"caption\":\"picotee \/ Marktzeit in der Fabrik\"},{\"@type\":\"WebPage\",\"@id\":\"http:\/\/picotee.de\/blog\/marktzeit-in-der-fabrik\/#webpage\",\"url\":\"http:\/\/picotee.de\/blog\/marktzeit-in-der-fabrik\/\",\"name\":\"Marktzeit in der Fabrik - picotee\",\"isPartOf\":{\"@id\":\"http:\/\/picotee.de\/blog\/#website\"},\"primaryImageOfPage\":{\"@id\":\"http:\/\/picotee.de\/blog\/marktzeit-in-der-fabrik\/#primaryimage\"},\"datePublished\":\"2015-04-17T11:15:13+00:00\",\"dateModified\":\"2021-08-20T14:56:41+00:00\",\"author\":{\"@id\":\"http:\/\/picotee.de\/blog\/#\/schema\/person\/9313c2c19e52eef000b0501594004d09\"},\"breadcrumb\":{\"@id\":\"http:\/\/picotee.de\/blog\/marktzeit-in-der-fabrik\/#breadcrumb\"},\"inLanguage\":\"de\",\"potentialAction\":[{\"@type\":\"ReadAction\",\"target\":[\"http:\/\/picotee.de\/blog\/marktzeit-in-der-fabrik\/\"]}]},{\"@type\":\"BreadcrumbList\",\"@id\":\"http:\/\/picotee.de\/blog\/marktzeit-in-der-fabrik\/#breadcrumb\",\"itemListElement\":[{\"@type\":\"ListItem\",\"position\":1,\"name\":\"Home\",\"item\":\"http:\/\/picotee.de\/blog\/\"},{\"@type\":\"ListItem\",\"position\":2,\"name\":\"Marktzeit in der Fabrik\"}]},{\"@type\":\"Person\",\"@id\":\"http:\/\/picotee.de\/blog\/#\/schema\/person\/9313c2c19e52eef000b0501594004d09\",\"name\":\"picotee\",\"image\":{\"@type\":\"ImageObject\",\"@id\":\"http:\/\/picotee.de\/blog\/#personlogo\",\"inLanguage\":\"de\",\"url\":\"http:\/\/2.gravatar.com\/avatar\/538993a075ebc18c5f5e26bfb3b730c1?s=96&d=mm&r=g\",\"contentUrl\":\"http:\/\/2.gravatar.com\/avatar\/538993a075ebc18c5f5e26bfb3b730c1?s=96&d=mm&r=g\",\"caption\":\"picotee\"},\"url\":\"http:\/\/picotee.de\/blog\/author\/2user-blog\/\"}]}<\/script>\n<!-- \/ Yoast SEO plugin. -->","yoast_head_json":{"robots":{"index":"index","follow":"follow","max-snippet":"max-snippet:-1","max-image-preview":"max-image-preview:large","max-video-preview":"max-video-preview:-1"},"canonical":"http:\/\/picotee.de\/blog\/marktzeit-in-der-fabrik\/","og_locale":"de_DE","og_type":"article","og_title":"Marktzeit in der Fabrik - picotee","og_description":"Es ist Freitag und das Wochenende r\u00fcckt immer n\u00e4her. Deshalb gibt es hier noch einen Tipp f\u00fcr euch! Der eine oder andere war vielleicht schon einmal dort! Von September bis Mai findet jeden Samstag von 9:30 - 15:00 die Marktzeit in der Fabrik in Altona statt. Das ist ein kleiner Markt mit vielen leckeren und sch\u00f6nen Dingen.","og_url":"http:\/\/picotee.de\/blog\/marktzeit-in-der-fabrik\/","og_site_name":"picotee","article_publisher":"https:\/\/www.facebook.com\/picoteeblog","article_published_time":"2015-04-17T11:15:13+00:00","article_modified_time":"2021-08-20T14:56:41+00:00","og_image":[{"width":1080,"height":721,"url":"http:\/\/picotee.de\/blog\/kh-tentcon\/uploads\/2015\/08\/picotee-Marktzeit-Fabrik-fi.jpg","path":"\/www\/htdocs\/w00bf59d\/picotee\/blog\/kh-tentcon\/uploads\/2015\/08\/picotee-Marktzeit-Fabrik-fi.jpg","size":"full","id":1038,"alt":"picotee \/ Marktzeit in der Fabrik","pixels":778680,"type":"image\/jpeg"}],"twitter_card":"summary","twitter_misc":{"Verfasst von":"picotee","Gesch\u00e4tzte Lesezeit":"1\u00a0Minute"},"schema":{"@context":"https:\/\/schema.org","@graph":[{"@type":"WebSite","@id":"http:\/\/picotee.de\/blog\/#website","url":"http:\/\/picotee.de\/blog\/","name":"picotee","description":"","potentialAction":[{"@type":"SearchAction","target":{"@type":"EntryPoint","urlTemplate":"http:\/\/picotee.de\/blog\/?s={search_term_string}"},"query-input":"required name=search_term_string"}],"inLanguage":"de"},{"@type":"ImageObject","@id":"http:\/\/picotee.de\/blog\/marktzeit-in-der-fabrik\/#primaryimage","inLanguage":"de","url":"https:\/\/i2.wp.com\/picotee.de\/blog\/kh-tentcon\/uploads\/2015\/08\/picotee-Marktzeit-Fabrik-fi.jpg?fit=1080%2C721","contentUrl":"https:\/\/i2.wp.com\/picotee.de\/blog\/kh-tentcon\/uploads\/2015\/08\/picotee-Marktzeit-Fabrik-fi.jpg?fit=1080%2C721","width":1080,"height":721,"caption":"picotee \/ Marktzeit in der Fabrik"},{"@type":"WebPage","@id":"http:\/\/picotee.de\/blog\/marktzeit-in-der-fabrik\/#webpage","url":"http:\/\/picotee.de\/blog\/marktzeit-in-der-fabrik\/","name":"Marktzeit in der Fabrik - picotee","isPartOf":{"@id":"http:\/\/picotee.de\/blog\/#website"},"primaryImageOfPage":{"@id":"http:\/\/picotee.de\/blog\/marktzeit-in-der-fabrik\/#primaryimage"},"datePublished":"2015-04-17T11:15:13+00:00","dateModified":"2021-08-20T14:56:41+00:00","author":{"@id":"http:\/\/picotee.de\/blog\/#\/schema\/person\/9313c2c19e52eef000b0501594004d09"},"breadcrumb":{"@id":"http:\/\/picotee.de\/blog\/marktzeit-in-der-fabrik\/#breadcrumb"},"inLanguage":"de","potentialAction":[{"@type":"ReadAction","target":["http:\/\/picotee.de\/blog\/marktzeit-in-der-fabrik\/"]}]},{"@type":"BreadcrumbList","@id":"http:\/\/picotee.de\/blog\/marktzeit-in-der-fabrik\/#breadcrumb","itemListElement":[{"@type":"ListItem","position":1,"name":"Home","item":"http:\/\/picotee.de\/blog\/"},{"@type":"ListItem","position":2,"name":"Marktzeit in der Fabrik"}]},{"@type":"Person","@id":"http:\/\/picotee.de\/blog\/#\/schema\/person\/9313c2c19e52eef000b0501594004d09","name":"picotee","image":{"@type":"ImageObject","@id":"http:\/\/picotee.de\/blog\/#personlogo","inLanguage":"de","url":"http:\/\/2.gravatar.com\/avatar\/538993a075ebc18c5f5e26bfb3b730c1?s=96&d=mm&r=g","contentUrl":"http:\/\/2.gravatar.com\/avatar\/538993a075ebc18c5f5e26bfb3b730c1?s=96&d=mm&r=g","caption":"picotee"},"url":"http:\/\/picotee.de\/blog\/author\/2user-blog\/"}]}},"jetpack_featured_media_url":"https:\/\/i2.wp.com\/picotee.de\/blog\/kh-tentcon\/uploads\/2015\/08\/picotee-Marktzeit-Fabrik-fi.jpg?fit=1080%2C721","_links":{"self":[{"href":"http:\/\/picotee.de\/blog\/wp-json\/wp\/v2\/posts\/364"}],"collection":[{"href":"http:\/\/picotee.de\/blog\/wp-json\/wp\/v2\/posts"}],"about":[{"href":"http:\/\/picotee.de\/blog\/wp-json\/wp\/v2\/types\/post"}],"author":[{"embeddable":true,"href":"http:\/\/picotee.de\/blog\/wp-json\/wp\/v2\/users\/2"}],"replies":[{"embeddable":true,"href":"http:\/\/picotee.de\/blog\/wp-json\/wp\/v2\/comments?post=364"}],"version-history":[{"count":15,"href":"http:\/\/picotee.de\/blog\/wp-json\/wp\/v2\/posts\/364\/revisions"}],"predecessor-version":[{"id":1400,"href":"http:\/\/picotee.de\/blog\/wp-json\/wp\/v2\/posts\/364\/revisions\/1400"}],"wp:featuredmedia":[{"embeddable":true,"href":"http:\/\/picotee.de\/blog\/wp-json\/wp\/v2\/media\/1038"}],"wp:attachment":[{"href":"http:\/\/picotee.de\/blog\/wp-json\/wp\/v2\/media?parent=364"}],"wp:term":[{"taxonomy":"category","embeddable":true,"href":"http:\/\/picotee.de\/blog\/wp-json\/wp\/v2\/categories?post=364"},{"taxonomy":"post_tag","embeddable":true,"href":"http:\/\/picotee.de\/blog\/wp-json\/wp\/v2\/tags?post=364"}],"curies":[{"name":"wp","href":"https:\/\/api.w.org\/{rel}","templated":true}]}}